






{"id":2408,"date":"2012-11-04T18:08:17","date_gmt":"2012-11-04T21:08:17","guid":{"rendered":"http:\/\/www.cinemigrante.org\/ediciones-anteriores\/2017\/?p=2408"},"modified":"2022-09-02T17:09:00","modified_gmt":"2022-09-02T20:09:00","slug":"novedad-premios-y-menciones-2012","status":"publish","type":"post","link":"https:\/\/cinemigrante.org\/ediciones-anteriores\/archivos\/2408","title":{"rendered":"Premios y Menciones 2012"},"content":{"rendered":"<h3>Obras distinguidas por el Jurado como las m\u00e1s destacadas de 2012<\/h3>\n<p><strong>CATEGOR\u00cdA LARGOMETRAJES 2012<\/strong><\/p>\n<p><strong>1\u00ba Premio: EL FIN DEL POTEMKIN\u00a0<\/strong>(Dir. Misael Bustos &#8211; Argentina &#8211; 2011 &#8211; Documental)<br \/>\n<strong>1\u00b0 Menci\u00f3n: ULISES\u00a0<\/strong>(Dir. Oscar Godoy &#8211; Chile, Argentina &#8211; 2011 &#8211; Ficci\u00f3n)<br \/>\n<strong>2\u00b0 Menci\u00f3n (Especial): AU PAIR\u00a0<\/strong>(Dir. Heidi Kim Andersen y Nicole Honrayi-Dinamarca-2011- Documental)<\/p>\n<p><strong>JURADO LARGOMETRAJES:<\/strong><\/p>\n<p>Pablo Giorgelli (Argentina), Mariana Carbajal (Argentina), Andr\u00e9 Santos (Islas Azores)<\/p>\n<p><strong>JUSTIFICACI\u00d3N DEL JURADO DE LARGOMETRAJES<\/strong><\/p>\n<p>Del film \u201c<strong>EL FIN DEL POTEMKIN<\/strong>\u201d\u00a0el Jurado lo destaca en 1\u00b0 lugar porque logra un retrato veraz y sensible sobre la complejidad del universo migratorio; por el respeto a la historia y a sus personajes, a los que no juzga en ning\u00fan momento; por el rigor y la belleza que exhibe en el tratamiento est\u00e9tico cinematogr\u00e1fico. En definitiva, por la confianza que muestra el director hacia su propia pel\u00edcula e historia, dej\u00e1ndola respirar con su propio ritmo vital.<\/p>\n<p>Respecto de \u201c<strong>ULISES<\/strong>\u201d, el Jurado considera necesario dar una 1\u00b0 Menci\u00f3n por el modo de acercarse al mundo migratorio; porque logra una pel\u00edcula personal con identidad propia al retratar con una mirada aguda el alma de una persona que migra, evitando lo lugares comunes, confiando en la potencia de su relato. El Jurado destaca el tono austero y riguroso, en donde las decisiones est\u00e9ticas est\u00e1n en funci\u00f3n del relato y de lo que se quiere contar, logrando con ello una belleza \u00fanica.<\/p>\n<p>Del film \u201c<strong>AU PAIR<\/strong>\u201d el Jurado lo distingue con una 2\u00b0 Menci\u00f3n (Especial) porque desnuda una pr\u00e1ctica perversa de ciertos estados con los migrantes. Al mismo tiempo, logra un relato fresco, c\u00e1lido y sensible que humaniza a sus personajes y a sus historias.<\/p>\n<p><strong>CATEGOR\u00cdA CORTOMETRAJES 2012<\/strong><\/p>\n<p><strong>1\u00ba Premio:\u00a0<\/strong>\u201c<strong>LA FRANCE QUE SE LEVE TOT<\/strong>\u201d\u00a0(Dir. Hugo Chesnard-Francia &#8211; 2011 &#8211; Ficci\u00f3n)<br \/>\n<strong>Menci\u00f3n Especial:\u00a0<\/strong>\u201c<strong>BON VOYAGE<\/strong>\u201d\u00a0(Dir. Fabio Friedli &#8211; Suiza &#8211; 2011 \u2013 Animaci\u00f3n)<\/p>\n<p><strong>JURADO CORTOMETRAJES<\/strong><\/p>\n<p>Carlos Hern\u00e1ndez (Colombia); Natalia Gavazzo (Argentina)<\/p>\n<p><strong>JUSTIFICACI\u00d3N DEL JURADO CORTOMETRAJES<\/strong><\/p>\n<p>\u201c<strong>LA FRANCE QUE SE LEVE TOT<\/strong>\u201d Es un cortometraje con una excelente realizaci\u00f3n, original en su propuesta y en su manera de relatar, haciendo uso de una forma entretenida y diferente con el objetivo de acercarse a un problem\u00e1tica profunda y conmovedora. El cortometraje cuenta una historia con un excelente rigor en la puesta en escena y el lenguaje, sin perder de vista el trasfondo. Logra conmover y emocionar.<\/p>\n<p>\u201c<strong>BON VOYAGE<\/strong>\u201d Es un cortometraje sutil, di\u00e1fano y potente. Con un lenguaje elemental y claro lleva reflexionar sobre la forma en que se dan las migraciones, compar\u00e1ndolas con la mirada que pueden tenerse desde fuera. Se vale de una t\u00e9cnica b\u00e1sica e impecable que conmueve por su simpleza y a la vez por la profundidad. Tiene un golpe visual potente que va directamente a conmover el pensamiento. Asimismo, su tono sat\u00edrico, e incluso de humor, nos permite reflexionar seriamente acerca de las problem\u00e1ticas que desarrolla. Permite reflejar c\u00f3mo el destino de muchos migrantes o refugiados se encuentra en manos de personas de la burocracia que no pueden dar cuenta de todos los sentidos de la migraci\u00f3n y, que al mismo tiempo, de ellos depende la decisi\u00f3n o el destino de la vida de muchos migrantes o refugiados, convirtiendo casi la decisi\u00f3n de la petici\u00f3n de refugio en casi un juego.<\/p>\n<p><strong>CATEGOR\u00cdA PREMIO SIGNIS 2012<\/strong><\/p>\n<p><strong>1\u00ba Premio SIGNIS:\u00a0<\/strong>\u201c<strong>IMAGINING EMANUEL<\/strong>\u201d\u00a0(Dir. Thomas A.\u00a0\u00d8stbye-Noruega-2011- Documental)<\/p>\n<p><strong>JURADO SIGNIS<\/strong><\/p>\n<p>Adri\u00e1n Sergio Maglieri, Claudia Isabel Ortiz, Blanca Mar\u00eda Monz\u00f3n (Pte. Jurado)<\/p>\n<p><strong>JUSTIFICACI\u00d3N DEL JURADO SIGNIS<\/strong><\/p>\n<p>Se destaca a \u201c<strong>IMAGINING EMANUEL<\/strong>\u201d\u00a0por realizar un profundo tratamiento del concepto de identidad, como valor y como derecho humano. Considerando a la palabra como la \u00fanica herramienta de lucha, contra pol\u00edticas restrictivas, que destruyen la vida de los sujetos, su memoria y la historia de sus pueblos.<\/p>\n","protected":false},"excerpt":{"rendered":"<p>Obras distinguidas por el Jurado como las m\u00e1s destacadas de 2012 CATEGOR\u00cdA LARGOMETRAJES 2012 1\u00ba Premio: EL FIN DEL POTEMKIN\u00a0(Dir. Misael Bustos &#8211; Argentina &#8211; 2011 &#8211; Documental) 1\u00b0 Menci\u00f3n: &hellip; <\/p>\n<p class=\"link-more\"><a href=\"https:\/\/cinemigrante.org\/ediciones-anteriores\/archivos\/2408\" class=\"more-link\">Continue reading<span class=\"screen-reader-text\"> \u00abPremios y Menciones 2012\u00bb<\/span><\/a><\/p>\n","protected":false},"author":9,"featured_media":18365,"comment_status":"closed","ping_status":"closed","sticky":false,"template":"","format":"standard","meta":{"_acf_changed":false,"footnotes":""},"categories":[1284,1340,1305],"tags":[],"class_list":["post-2408","post","type-post","status-publish","format-standard","has-post-thumbnail","hentry","category-3-edicion","category-noticias-3-edicion","category-novedades"],"acf":[],"_links":{"self":[{"href":"https:\/\/cinemigrante.org\/ediciones-anteriores\/wp-json\/wp\/v2\/posts\/2408"}],"collection":[{"href":"https:\/\/cinemigrante.org\/ediciones-anteriores\/wp-json\/wp\/v2\/posts"}],"about":[{"href":"https:\/\/cinemigrante.org\/ediciones-anteriores\/wp-json\/wp\/v2\/types\/post"}],"author":[{"embeddable":true,"href":"https:\/\/cinemigrante.org\/ediciones-anteriores\/wp-json\/wp\/v2\/users\/9"}],"replies":[{"embeddable":true,"href":"https:\/\/cinemigrante.org\/ediciones-anteriores\/wp-json\/wp\/v2\/comments?post=2408"}],"version-history":[{"count":3,"href":"https:\/\/cinemigrante.org\/ediciones-anteriores\/wp-json\/wp\/v2\/posts\/2408\/revisions"}],"predecessor-version":[{"id":18378,"href":"https:\/\/cinemigrante.org\/ediciones-anteriores\/wp-json\/wp\/v2\/posts\/2408\/revisions\/18378"}],"wp:featuredmedia":[{"embeddable":true,"href":"https:\/\/cinemigrante.org\/ediciones-anteriores\/wp-json\/wp\/v2\/media\/18365"}],"wp:attachment":[{"href":"https:\/\/cinemigrante.org\/ediciones-anteriores\/wp-json\/wp\/v2\/media?parent=2408"}],"wp:term":[{"taxonomy":"category","embeddable":true,"href":"https:\/\/cinemigrante.org\/ediciones-anteriores\/wp-json\/wp\/v2\/categories?post=2408"},{"taxonomy":"post_tag","embeddable":true,"href":"https:\/\/cinemigrante.org\/ediciones-anteriores\/wp-json\/wp\/v2\/tags?post=2408"}],"curies":[{"name":"wp","href":"https:\/\/api.w.org\/{rel}","templated":true}]}}