






{"id":2353,"date":"2012-10-08T19:00:47","date_gmt":"2012-10-08T22:00:47","guid":{"rendered":"http:\/\/www.cinemigrante.org\/ediciones-anteriores\/2017\/?p=2353"},"modified":"2022-09-02T17:11:35","modified_gmt":"2022-09-02T20:11:35","slug":"apertura-de-la-3-edicion-de-cinemigrante-martes-9-de-octubre-18hs-centro-cultural-de-la-cooperacion-av-corrientes-1543","status":"publish","type":"post","link":"https:\/\/cinemigrante.org\/ediciones-anteriores\/archivos\/2353","title":{"rendered":"Apertura de la 3\u00b0 Edici\u00f3n de CineMigrante. Martes 9 de Octubre 18hs. Centro Cultural de la Cooperaci\u00f3n Av. Corrientes 1543"},"content":{"rendered":"<p style=\"line-height: 17px; text-align: justify; color: #2a2a2a; margin-bottom: 1.35em;\"><span style=\"line-height: 19px; font-size: 11pt;\"><b>CineMigrante<\/b>, el Centro Cultural de la Cooperaci\u00f3n (<b>CCC<\/b>), el Centro de Estudios Legales y Sociales (<b>CELS<\/b>) y el Instituto Nacional de Cine y Artes Audiovisuales (<b>INCAA<\/b>) tiene el honor de invitar a Ud. a participar de la <b>Gala de <\/b><b>Apertura <\/b>de la <b>3\u00b0 Edici\u00f3n del Festival Internacional CineMigrante, <\/b>que tendr\u00e1 lugar en el Centro Cultural de la Cooperaci\u00f3n el <b>9 de octubre a las 18 hs<\/b>.<\/span><\/p>\n<p style=\"line-height: 17px; text-align: justify; color: #2a2a2a; margin-bottom: 1.35em;\"><span style=\"line-height: 19px; font-size: 11pt;\">Como todos los a\u00f1os, realizaremos la entrega de una distinci\u00f3n especial a personalidades de la cultura que, desde su experiencia migratoria, contribuyeron a reforzar los lazos de integraci\u00f3n entre los pueblos. Este a\u00f1o distinguiremos a <b>V\u00edctor Hugo Morales<\/b>, quien estar\u00e1 con nosotros para compartir tal distinci\u00f3n<b>.<\/b><\/span><\/p>\n<p style=\"line-height: 17px; text-align: justify; color: #2a2a2a; margin-bottom: 1.35em;\"><span style=\"line-height: 19px; font-size: 11pt;\">Con posterioridad, se presentar\u00e1 el disco &#8216;<b><i>Cruzando el mar<\/i><\/b>&#8216; de <b>David Bankoura<\/b> (&#8216;Black Doh&#8217;) y la performance <em><strong>\u00abMi vida no est\u00e1 en otra parte\u00bb<\/strong><\/em> de <strong>Aidana Rico Ch\u00e1vez (Venezuela), con Julia Munin, Constanza Bitthoff, Marcela Tolosa, Priscila Davanzo, M\u00f3nica Ocampo, Mauro Alvarez y Tzitzi Barrantes.<\/strong><\/span><\/p>\n<p style=\"line-height: 17px; text-align: justify; color: #2a2a2a; margin-bottom: 1.35em;\"><span style=\"line-height: 19px; font-size: 11pt;\">A las 21 hs se proyectar\u00e1 la pel\u00edcula <b>&#8216;La puerta de no retorno&#8217; <\/b>de <b>Santiago Zannou<\/b>, premier en Argentina.<\/span><\/p>\n","protected":false},"excerpt":{"rendered":"<p>CineMigrante, el Centro Cultural de la Cooperaci\u00f3n (CCC), el Centro de Estudios Legales y Sociales (CELS) y el Instituto Nacional de Cine y Artes Audiovisuales (INCAA) tiene el honor de &hellip; <\/p>\n<p class=\"link-more\"><a href=\"https:\/\/cinemigrante.org\/ediciones-anteriores\/archivos\/2353\" class=\"more-link\">Continue reading<span class=\"screen-reader-text\"> \u00abApertura de la 3\u00b0 Edici\u00f3n de CineMigrante. Martes 9 de Octubre 18hs. Centro Cultural de la Cooperaci\u00f3n Av. Corrientes 1543\u00bb<\/span><\/a><\/p>\n","protected":false},"author":9,"featured_media":18368,"comment_status":"closed","ping_status":"closed","sticky":false,"template":"","format":"standard","meta":{"_acf_changed":false,"footnotes":""},"categories":[1284,1340,1305],"tags":[],"class_list":["post-2353","post","type-post","status-publish","format-standard","has-post-thumbnail","hentry","category-3-edicion","category-noticias-3-edicion","category-novedades"],"acf":[],"_links":{"self":[{"href":"https:\/\/cinemigrante.org\/ediciones-anteriores\/wp-json\/wp\/v2\/posts\/2353"}],"collection":[{"href":"https:\/\/cinemigrante.org\/ediciones-anteriores\/wp-json\/wp\/v2\/posts"}],"about":[{"href":"https:\/\/cinemigrante.org\/ediciones-anteriores\/wp-json\/wp\/v2\/types\/post"}],"author":[{"embeddable":true,"href":"https:\/\/cinemigrante.org\/ediciones-anteriores\/wp-json\/wp\/v2\/users\/9"}],"replies":[{"embeddable":true,"href":"https:\/\/cinemigrante.org\/ediciones-anteriores\/wp-json\/wp\/v2\/comments?post=2353"}],"version-history":[{"count":3,"href":"https:\/\/cinemigrante.org\/ediciones-anteriores\/wp-json\/wp\/v2\/posts\/2353\/revisions"}],"predecessor-version":[{"id":18384,"href":"https:\/\/cinemigrante.org\/ediciones-anteriores\/wp-json\/wp\/v2\/posts\/2353\/revisions\/18384"}],"wp:featuredmedia":[{"embeddable":true,"href":"https:\/\/cinemigrante.org\/ediciones-anteriores\/wp-json\/wp\/v2\/media\/18368"}],"wp:attachment":[{"href":"https:\/\/cinemigrante.org\/ediciones-anteriores\/wp-json\/wp\/v2\/media?parent=2353"}],"wp:term":[{"taxonomy":"category","embeddable":true,"href":"https:\/\/cinemigrante.org\/ediciones-anteriores\/wp-json\/wp\/v2\/categories?post=2353"},{"taxonomy":"post_tag","embeddable":true,"href":"https:\/\/cinemigrante.org\/ediciones-anteriores\/wp-json\/wp\/v2\/tags?post=2353"}],"curies":[{"name":"wp","href":"https:\/\/api.w.org\/{rel}","templated":true}]}}