






{"id":19021,"date":"2023-09-07T14:48:12","date_gmt":"2023-09-07T14:48:12","guid":{"rendered":"https:\/\/cinemigrante.org\/?p=16885"},"modified":"2023-12-28T13:40:20","modified_gmt":"2023-12-28T16:40:20","slug":"cinemigrane-14en-el-limite-de-lo-visible","status":"publish","type":"post","link":"https:\/\/cinemigrante.org\/ediciones-anteriores\/archivos\/19021","title":{"rendered":"CINEMIGRANE 14&#8243;En el l\u00edmite de lo visible\u00bb"},"content":{"rendered":"\n<p><strong>Del 20 al 30 de septiembre de 2023<\/strong> | CineMigrante &#8211; \u00abEn el l\u00edmite de lo visible\u00bb.<\/p>\n\n\n\n<p><em>En esta 14\u00b0 Edici\u00f3n el tono vegetaci\u00f3n azul noche inunda todo nuestro festival. CineMigrante trae una propuesta que se abre hacia un cine que elude el encuadre y huye de la captura, en un gesto de fuga por conformar terreno, peque\u00f1as parcelas habitables.<\/em><\/p>\n\n\n\n<p><strong>Los distintos films que participan est\u00e1n enmarcadas en dos curadur\u00edas:<br \/>\u00abIndicios de Parcelas Habitables\u00bb y \u00abMateriales Fantasmas\u00bb<\/strong><\/p>\n\n\n\n<p><br \/><strong>\u00abIndicios de parcelas habitables\u00bb<\/strong> es el nombre de la curadur\u00eda central compuesta por 7 programas que dan espacio a una cinematograf\u00eda que confabula algunas estrategias de fuga de voces y vidas minoritarias, de las capturas de la modernidad occidental; transiciones de un viviente a otro, en donde el cuerpo se convierte entonces en el instrumento de nuevas epistemolog\u00edas y en un fr\u00e1gil cine de la noche.<\/p>\n\n\n\n<p><\/p>\n\n\n\n<p>PROGRAMA 1: La fuga es una futuridad colectiva.<br \/>PROGRAMA 2: Discernir el destello de la posibilidad.<br \/>PROGRAMA 3: La barca est\u00e1 abierta.<br \/>PROGRAMA 4: Un lugar que deshabla.<br \/>PROGRAMA 5: \u00bfD\u00f3nde est\u00e1n sus monumentos?<br \/>PROGRAMA 6: \u00bfD\u00f3nde est\u00e1n sus archivos?<br \/>PROGRAMA 7: \u00bfSobre qu\u00e9 suelo caminas?<\/p>\n\n\n\n<p><br \/><em>Curadores\/as: Almudena Escobar L\u00f3pez (ESP), Olivier Marboeuf (FR), Florencia<br \/>Mazzadi (ARG)<\/em><\/p>\n\n\n\n<p><br \/><strong>\u00abMateriales Fantasmas\u00bb<\/strong> es una curadur\u00eda compuesta por 3 programas. En 2011, resurgi\u00f3 en Bissau un archivo de material f\u00edlmico y sonoro. Al borde de la destrucci\u00f3n total, estas cintas dan testimonio del nacimiento del cine guineano como parte esencial de la visi\u00f3n de la descolonizaci\u00f3n de Am\u00edlcar Cabral, el l\u00edder de la liberaci\u00f3n asesinado en 1973. En colaboraci\u00f3n con l_s cineastas guineanas Sana na N&#8217;hada y Flora Gomes, as\u00ed como con otros muchos aliados, Filipa C\u00e9sar imagina un viaje en el que este fr\u00e1gil material del pasado opera como el prisma visionario de una esquirla a trav\u00e9s de la cual miramos el presente. Desde las aldeas m\u00e1s aisladas de Guinea-Bissau hasta las capitales europeas, estos  archivos silenciosos se convierten en un lugar desde el que buscar un ant\u00eddoto a la crisis mundial.<\/p>\n\n\n\n<p><br \/>PROGRAMA 1: Nome<br \/>PROGRAMA 2: Spell Reel<br \/>PROGRAMA 3: Mined Soil + Transmission from the Liberated Zones<\/p>\n\n\n\n<p><br \/><em>Curador: Olivier Marboeuf (FR)<\/em><\/p>\n\n\n\n<p><br \/><strong>Entre las actividades especiales:<\/strong><\/p>\n\n\n\n<ul class=\"wp-block-list\">\n<li>Conferencia \u00abEl cine del deshabla y m\u00e1s all\u00e1: el deseo de ver\u00bb con nuestro invitado especial y curador Olivier Marboeuf<\/li>\n\n\n\n<li>Estreno latinoamericano de \u201cNome\u201d (Nome) De Sana Na n&#8217;hada &#8211; Ficci\u00f3n | Guinea Bissau, Francia, Portugal &amp; Angola<\/li>\n\n\n\n<li>Proyecci\u00f3n especial de \u00abMato seco em chamas\u00bb (Mato seco em chamas). De Adirley Queir\u00f3s y Joana Pimenta &#8211; Ficci\u00f3n | Brasil &amp; Portugal<\/li>\n\n\n\n<li>Perfomance de lectura colectiva \u00abEn el l\u00edmite de los visible. Indicios de parcelas habitables\u00bb + \u2018Devenir Guerrilleras con Wittig\u2019<\/li>\n<\/ul>\n\n\n\n<p><\/p>\n\n\n\n<p>CineMigrante se desarrollar\u00e1 del 20 al 30 de Septiembre en 3 espacios: El Centro Cultural San Mart\u00edn, el Cine Gaumont y el Centro Cultural Kirchner. Todas las actividades, conferencias, lecturas, performance y proyecciones que forman parte de la parte de la programaci\u00f3n son de entrada libre y gratuita, con capacidad limitada.<\/p>\n\n\n\n<p>Al igual que en todas sus ediciones anteriores, CineMigrante est\u00e1 co organizado junto al<br \/>INCAA (Instituto Nacional de Cine y Artes Audiovisuales), la Escuela Interdisciplinaria de Altos<br \/>Estudios Sociales de la Universidad de San Mart\u00edn (IDAES\/UNSAM); el INAES (Instituto<br \/>Nacional de Asociativismo y Econom\u00eda Social); Embajada de Portugal en Argentina; Instituto<br \/>Cam\u00f5es; Embajada de Canad\u00e1 en Argentina; Instituto Franc\u00e9s; Embajada de Francia en<br \/>Argentina; Embajada de Brasil; Instituto Guimar\u00e3es Rosa; y Mecenazgo Cultural<\/p>\n\n\n\n<p><br \/><em>Apoyan: Cine.Ar; Hekht libros; La Libre, Cooperativa de Libros y Cultura; Bosque Urbano (BU)<br \/>UNSAM.<\/em><\/p>\n\n\n\n<p><br \/><strong>SALAS:<\/strong><br \/>Centro Cultural San Mart\u00edn (CCGSM). Sarmiento y Paran\u00e1 (Pir\u00e1mide de Vidrio)<br \/>Centro Cultural Kirchner (CCK). Sarmiento 151, 6to piso, Sala B.<br \/>Cine Gaumont. Av. Rivadavia 1635<\/p>\n","protected":false},"excerpt":{"rendered":"<p>Del 20 al 30 de septiembre de 2023 | CineMigrante &#8211; \u00abEn el l\u00edmite de lo visible\u00bb. En esta 14\u00b0 Edici\u00f3n el tono vegetaci\u00f3n azul noche inunda todo nuestro festival. &hellip; <\/p>\n<p class=\"link-more\"><a href=\"https:\/\/cinemigrante.org\/ediciones-anteriores\/archivos\/19021\" class=\"more-link\">Continue reading<span class=\"screen-reader-text\"> \u00abCINEMIGRANE 14&#8243;En el l\u00edmite de lo visible\u00bb\u00bb<\/span><\/a><\/p>\n","protected":false},"author":9,"featured_media":19026,"comment_status":"closed","ping_status":"closed","sticky":false,"template":"","format":"standard","meta":{"_acf_changed":false,"footnotes":""},"categories":[1785,1164,1163,1798],"tags":[],"class_list":["post-19021","post","type-post","status-publish","format-standard","has-post-thumbnail","hentry","category-14-edicion","category-destacados","category-noticias","category-noticias-14-edicion"],"acf":[],"_links":{"self":[{"href":"https:\/\/cinemigrante.org\/ediciones-anteriores\/wp-json\/wp\/v2\/posts\/19021"}],"collection":[{"href":"https:\/\/cinemigrante.org\/ediciones-anteriores\/wp-json\/wp\/v2\/posts"}],"about":[{"href":"https:\/\/cinemigrante.org\/ediciones-anteriores\/wp-json\/wp\/v2\/types\/post"}],"author":[{"embeddable":true,"href":"https:\/\/cinemigrante.org\/ediciones-anteriores\/wp-json\/wp\/v2\/users\/9"}],"replies":[{"embeddable":true,"href":"https:\/\/cinemigrante.org\/ediciones-anteriores\/wp-json\/wp\/v2\/comments?post=19021"}],"version-history":[{"count":1,"href":"https:\/\/cinemigrante.org\/ediciones-anteriores\/wp-json\/wp\/v2\/posts\/19021\/revisions"}],"predecessor-version":[{"id":19027,"href":"https:\/\/cinemigrante.org\/ediciones-anteriores\/wp-json\/wp\/v2\/posts\/19021\/revisions\/19027"}],"wp:featuredmedia":[{"embeddable":true,"href":"https:\/\/cinemigrante.org\/ediciones-anteriores\/wp-json\/wp\/v2\/media\/19026"}],"wp:attachment":[{"href":"https:\/\/cinemigrante.org\/ediciones-anteriores\/wp-json\/wp\/v2\/media?parent=19021"}],"wp:term":[{"taxonomy":"category","embeddable":true,"href":"https:\/\/cinemigrante.org\/ediciones-anteriores\/wp-json\/wp\/v2\/categories?post=19021"},{"taxonomy":"post_tag","embeddable":true,"href":"https:\/\/cinemigrante.org\/ediciones-anteriores\/wp-json\/wp\/v2\/tags?post=19021"}],"curies":[{"name":"wp","href":"https:\/\/api.w.org\/{rel}","templated":true}]}}