






{"id":18505,"date":"2022-09-07T15:52:06","date_gmt":"2022-09-07T15:52:06","guid":{"rendered":"https:\/\/cinemigrante.org\/?p=15795"},"modified":"2023-01-17T21:58:55","modified_gmt":"2023-01-18T00:58:55","slug":"se-viene-un-gesto-un-devenir-en-fuga-cinemigrante-xiii-del-23-al-29-sept","status":"publish","type":"post","link":"https:\/\/cinemigrante.org\/ediciones-anteriores\/archivos\/18505","title":{"rendered":"Se viene \u2018Un gesto, un devenir en fuga\u2019 CineMigrante XIII del 23 al 29 SEPT"},"content":{"rendered":"\n<p>Este a\u00f1o,&nbsp;CineMigrante no ser\u00e1 un espacio de solo exhibici\u00f3n. Con entrada libre y gratuita, del 23 al 29 de Septiembre, la curadur\u00eda \u2018<em>Un gesto, un devenir en fuga<\/em>\u2019 propondr\u00e1 4 gestos, 4 programas curatoriales que invitan a habitar experiencias que apuestan a entrecruzar el cine, la poes\u00eda, la m\u00fasica y la performatividad en 3 espacios diferentes. Cada uno de estos espacios propondr\u00e1 un fuera de campo, la creaci\u00f3n de un espacio colectivo y comunitario a trav\u00e9s de un compartir lecturas, intervenciones sonoras, y la gestualidad de una comida en com\u00fan.<\/p>\n\n\n\n<p>&#x1f4a0;Gesto 01 &#x1f4a0; \u2018Un ensayo de comunidad. La peregrinaci\u00f3n violenta del poema\u2019 &#x1f4a0;<\/p>\n\n\n\n<p>&#x1f4a5; GESTO 02 &#x1f4a5; \u2018Im\u00e1genes furtivas. Im\u00e1genes radicales. Por fuera de las escenas de la sujeci\u00f3n. La decapitaci\u00f3n de las estatuas &#x1f4a5;<\/p>\n\n\n\n<p>&#x1f38b; GESTO 03 &#x1f38b; \u2018El indicio, la rama y la brisa. Ir por la senda inacabada\u2019 &#x1f38b;<\/p>\n\n\n\n<p>&#x270c;&#x1f3fc; GESTO hacia el CCK &#x270c;&#x1f3fc; \u2018Fabulaciones especulativas, susurros (trans) generacionales &#x270c;&#x1f3fc;<\/p>\n\n\n\n<p><strong>\u2018Un gesto, un devenir en fuga\u2019 <\/strong>se propone una experiencia sensible, pol\u00edtica, imaginativa; una fabulaci\u00f3n.<\/p>\n\n\n\n<p>Una tr\u00edada program\u00e1tica, tres momentos que nos implican, donde no hay espectadores, m\u00e1s bien un ensayo de comunidad en un lugar por venir.<\/p>\n\n\n\n<p>3 momentos, 3 espacios, 3 tiempos,<\/p>\n\n\n\n<p>&nbsp;&nbsp;&nbsp;&nbsp;&nbsp;&nbsp;&nbsp;&nbsp;&nbsp;&nbsp;&nbsp;&nbsp;&nbsp;&nbsp;&nbsp;&nbsp;&nbsp;&nbsp;&nbsp;&nbsp;&nbsp;&nbsp;&nbsp;&nbsp;&nbsp;&nbsp;&nbsp;&nbsp;&nbsp;&nbsp;&nbsp;&nbsp;&nbsp;&nbsp;&nbsp;&nbsp;&nbsp;&nbsp;&nbsp;&nbsp;&nbsp;&nbsp;&nbsp;&nbsp;&nbsp;&nbsp; una multiplicidad en la que volveremos a la sensibilidad del cine.<\/p>\n\n\n\n<p>#CineMigranteUnGesto #UnDevenirEnFuga #CineMigranteXIII<\/p>\n\n\n\n<p><strong>SALAS \/\/ Planta Inclan<\/strong>. Inclan 266 (Parque Patricios) \/\/<strong>CCGSM <\/strong>(Cultural San Mart\u00edn). Sarmiento y Paran\u00e1 (Pir\u00e1mide de Vidrio) \/\/ <strong>CCK <\/strong>(Centro Cultural Kirchner), Sarmiento 151, 6to piso, Sala B.<\/p>\n\n\n\n<p><strong>ADVERTENCIA \/\/ <\/strong>Este a\u00f1o CineMigrante no ser\u00e1 s\u00f3lo un espacio de exhibici\u00f3n. Las experiencias (gestos) comienzan en la hora indicada, NO pudiendo ingresar a sala con posterioridad. &nbsp;<\/p>\n\n\n\n<p><strong>ADVERTENCIA \/\/ <\/strong>Todas las actividades, encuentros, experiencias y proyecciones que forman parte de la parte de la programaci\u00f3n son de entrada libre y gratuita, con capacidad limitada.<\/p>\n\n\n\n<p>&#x1f449;&#x1f3fd;\u2018Un gesto, un devenir en fuga es una curadur\u00eda de Almudena Escobar L\u00f3pez y Florencia Mazzadi<br>Auspician:<em> <\/em><strong>INCAA<\/strong> (Instituto Nacional de Cine y Artes Audiovisuales); <strong>Escuela Interdisciplinaria de Altos Estudios Sociales de la Universidad de San Mart\u00edn <\/strong>(IDAES\/UNSAM); <strong>Agencia de las Naciones Unidas para los Refugiados<\/strong> (ACNUR); <strong>Embajada de Portugal<\/strong> en Argentina<strong>; British Council; Mecenazgo Cultural<\/strong>.<\/p>\n\n\n\n<p>Apoyan: <strong>Malungo Editorial<\/strong>, <strong>Empat\u00eda Editorial<\/strong><\/p>\n\n\n\n<p><\/p>\n\n\n\n<p>Imagen @gustako.nuevoartemezcla Dise\u00f1o @ladyb_1991<\/p>\n","protected":false},"excerpt":{"rendered":"<p>Este a\u00f1o,&nbsp;CineMigrante no ser\u00e1 un espacio de solo exhibici\u00f3n. Con entrada libre y gratuita, del 23 al 29 de Septiembre, la curadur\u00eda \u2018Un gesto, un devenir en fuga\u2019 propondr\u00e1 4 &hellip; <\/p>\n<p class=\"link-more\"><a href=\"https:\/\/cinemigrante.org\/ediciones-anteriores\/archivos\/18505\" class=\"more-link\">Continue reading<span class=\"screen-reader-text\"> \u00abSe viene \u2018Un gesto, un devenir en fuga\u2019 CineMigrante XIII del 23 al 29 SEPT\u00bb<\/span><\/a><\/p>\n","protected":false},"author":9,"featured_media":18723,"comment_status":"closed","ping_status":"closed","sticky":false,"template":"","format":"standard","meta":{"_acf_changed":false,"footnotes":""},"categories":[1718,1164,1163,1759],"tags":[],"class_list":["post-18505","post","type-post","status-publish","format-standard","has-post-thumbnail","hentry","category-13-edicion","category-destacados","category-noticias","category-noticias-13-edicion"],"acf":[],"_links":{"self":[{"href":"https:\/\/cinemigrante.org\/ediciones-anteriores\/wp-json\/wp\/v2\/posts\/18505"}],"collection":[{"href":"https:\/\/cinemigrante.org\/ediciones-anteriores\/wp-json\/wp\/v2\/posts"}],"about":[{"href":"https:\/\/cinemigrante.org\/ediciones-anteriores\/wp-json\/wp\/v2\/types\/post"}],"author":[{"embeddable":true,"href":"https:\/\/cinemigrante.org\/ediciones-anteriores\/wp-json\/wp\/v2\/users\/9"}],"replies":[{"embeddable":true,"href":"https:\/\/cinemigrante.org\/ediciones-anteriores\/wp-json\/wp\/v2\/comments?post=18505"}],"version-history":[{"count":3,"href":"https:\/\/cinemigrante.org\/ediciones-anteriores\/wp-json\/wp\/v2\/posts\/18505\/revisions"}],"predecessor-version":[{"id":18725,"href":"https:\/\/cinemigrante.org\/ediciones-anteriores\/wp-json\/wp\/v2\/posts\/18505\/revisions\/18725"}],"wp:featuredmedia":[{"embeddable":true,"href":"https:\/\/cinemigrante.org\/ediciones-anteriores\/wp-json\/wp\/v2\/media\/18723"}],"wp:attachment":[{"href":"https:\/\/cinemigrante.org\/ediciones-anteriores\/wp-json\/wp\/v2\/media?parent=18505"}],"wp:term":[{"taxonomy":"category","embeddable":true,"href":"https:\/\/cinemigrante.org\/ediciones-anteriores\/wp-json\/wp\/v2\/categories?post=18505"},{"taxonomy":"post_tag","embeddable":true,"href":"https:\/\/cinemigrante.org\/ediciones-anteriores\/wp-json\/wp\/v2\/tags?post=18505"}],"curies":[{"name":"wp","href":"https:\/\/api.w.org\/{rel}","templated":true}]}}